{"id":10273,"date":"2023-07-28T11:19:41","date_gmt":"2023-07-28T09:19:41","guid":{"rendered":"https:\/\/www.decelect.com\/?p=10273"},"modified":"2024-07-03T11:59:53","modified_gmt":"2024-07-03T09:59:53","slug":"villes-et-territoires-durables-connectes","status":"publish","type":"post","link":"https:\/\/www.decelect.com\/en\/villes-et-territoires-durables-connectes\/","title":{"rendered":"Villes et territoires durables connect\u00e9s"},"content":{"rendered":"<div class=\"gb-container gb-container-eddd6101\">\n<div class=\"gb-container gb-container-0705899a\">\n\n<figure class=\"gb-block-image gb-block-image-c560a80d\"><img decoding=\"async\" width=\"2560\" height=\"1132\" class=\"gb-image gb-image-c560a80d\" src=\"https:\/\/www.decelect.com\/wp-content\/uploads\/2023\/07\/Collectivite-mairie-batiment-connecte-scaled.jpeg\" alt=\"\" title=\"Harbour in Saint Jean de Luz. France\" srcset=\"https:\/\/www.decelect.com\/wp-content\/uploads\/2023\/07\/Collectivite-mairie-batiment-connecte-scaled.jpeg 2560w, https:\/\/www.decelect.com\/wp-content\/uploads\/2023\/07\/Collectivite-mairie-batiment-connecte-300x133.jpeg 300w, https:\/\/www.decelect.com\/wp-content\/uploads\/2023\/07\/Collectivite-mairie-batiment-connecte-1024x453.jpeg 1024w, https:\/\/www.decelect.com\/wp-content\/uploads\/2023\/07\/Collectivite-mairie-batiment-connecte-768x340.jpeg 768w, https:\/\/www.decelect.com\/wp-content\/uploads\/2023\/07\/Collectivite-mairie-batiment-connecte-1536x679.jpeg 1536w, https:\/\/www.decelect.com\/wp-content\/uploads\/2023\/07\/Collectivite-mairie-batiment-connecte-2048x906.jpeg 2048w, https:\/\/www.decelect.com\/wp-content\/uploads\/2023\/07\/Collectivite-mairie-batiment-connecte-18x8.jpeg 18w, https:\/\/www.decelect.com\/wp-content\/uploads\/2023\/07\/Collectivite-mairie-batiment-connecte-200x88.jpeg 200w\" sizes=\"(max-width: 2560px) 100vw, 2560px\" \/><\/figure>\n\n\n\n<h2 class=\"gb-headline gb-headline-c038b8e5 gb-headline-text\"><strong>Villes &amp; Territoires Durables : Si\u00e8ges d\u00e9partementaux et R\u00e9gionaux, Mairies, M\u00e9diath\u00e8ques, \u00c9coles, Coll\u00e8ges, Lyc\u00e9es &amp; B\u00e2timents administratifs<\/strong><\/h2>\n\n\n\n<h3 class=\"gb-headline gb-headline-80a87aae gb-headline-text\"><strong>Notre client<\/strong><\/h3>\n\n\n\n<p>Notre client est une commune fran\u00e7aise situ\u00e9e en R\u00e9gion Nouvelle-Aquitaine. Elle pr\u00e9sente une superficie de pr\u00e8s de 20km\u00b2 et compte un peu plus de 14000 habitants. La demande de cette collectivit\u00e9 consistait \u00e0 trouver <strong>une solution qui lui permettrait de g\u00e9rer, piloter et contr\u00f4ler la consommation \u00e9nerg\u00e9tique de son parc de b\u00e2timents communaux,<\/strong> \u00e0 savoir la mairie, leur m\u00e9diath\u00e8que, leurs \u00e9coles, coll\u00e8ges, lyc\u00e9es, et les autres b\u00e2timents techniques et administratifs.<\/p>\n\n\n\n<p>Ceci \u00e9tant inscrit dans une volont\u00e9 de m<strong>ettre en place des mesures visant \u00e0 r\u00e9duire les<\/strong> <strong>consommations \u00e9nerg\u00e9tiques de la collectivit\u00e9.<\/strong><\/p>\n\n\n\n<h3 class=\"gb-headline gb-headline-7ea6eab3 gb-headline-text\"><strong>Le projet<\/strong> : la gestion et l&rsquo;\u00e9conomie d&rsquo;\u00e9nergie<\/h3>\n\n\n\n<p>Soucieux des enjeux de d\u00e9veloppement durable, les collectivit\u00e9s locales sont des acteurs majeurs dans le d\u00e9ploiement de solutions permettant de tendre vers des territoires durables et intelligents.<\/p>\n\n\n\n<p>Les villes et territoires durables d\u00e9j\u00e0 tr\u00e8s engag\u00e9s dans la mise en place d\u2019actions participatives et continues en faveur du d\u00e9veloppement durable, recherchent des solutions pour r\u00e9pondre \u00e0 leurs besoins de ma\u00eetriser et de r\u00e9duire davantage leurs consommations d\u2019\u00e9nergie.<\/p>\n\n\n\n<h3 class=\"gb-headline gb-headline-7627079a gb-headline-text\"><strong><strong>Notre solution UBIWIZZ, SmartHome &amp; SmartBuilding<\/strong><\/strong><\/h3>\n\n\n\n<p>La solution Ubiwizz est une solution pour les logements et les b\u00e2timents connect\u00e9s, permettant de r\u00e9pondre aux diff\u00e9rentes probl\u00e9matiques actuelles en terme de d\u00e9veloppement durable.<\/p>\n\n\n<div class=\"wp-block-image\">\n<figure class=\"aligncenter size-large is-resized\"><img alt=\"\" decoding=\"async\" width=\"1024\" height=\"723\" src=\"https:\/\/www.decelect.com\/wp-content\/uploads\/2023\/07\/sphere-objets-connectes-produits-2022logo-1024x723.jpg\" class=\"wp-image-10275\" style=\"width:768px;height:542px\" srcset=\"https:\/\/www.decelect.com\/wp-content\/uploads\/2023\/07\/sphere-objets-connectes-produits-2022logo-1024x723.jpg 1024w, https:\/\/www.decelect.com\/wp-content\/uploads\/2023\/07\/sphere-objets-connectes-produits-2022logo-300x212.jpg 300w, https:\/\/www.decelect.com\/wp-content\/uploads\/2023\/07\/sphere-objets-connectes-produits-2022logo-768x542.jpg 768w, https:\/\/www.decelect.com\/wp-content\/uploads\/2023\/07\/sphere-objets-connectes-produits-2022logo-1536x1084.jpg 1536w, https:\/\/www.decelect.com\/wp-content\/uploads\/2023\/07\/sphere-objets-connectes-produits-2022logo-2048x1446.jpg 2048w, https:\/\/www.decelect.com\/wp-content\/uploads\/2023\/07\/sphere-objets-connectes-produits-2022logo-18x12.jpg 18w, https:\/\/www.decelect.com\/wp-content\/uploads\/2023\/07\/sphere-objets-connectes-produits-2022logo-200x141.jpg 200w\" sizes=\"(max-width: 1024px) 100vw, 1024px\" \/><\/figure>\n<\/div>\n\n\n<p><\/p>\n\n\n\n<p>Cette solution est parfaitement adapt\u00e9e aux besoins de la Ville et des Territoires Durables qui visent \u00e0 r\u00e9duire et \u00e0 ma\u00eetriser la consommation d\u2019\u00e9nergie de leur parc immobilier. Une solution permettant de s\u2019adapter aux diff\u00e9rentes typologies de b\u00e2timents \u00e9tait n\u00e9cessaire. Suite \u00e0 l\u2019\u00e9tude de faisabilit\u00e9 du projet, nous accompagnons les collectivit\u00e9s locales en leur proposant notre solution adapt\u00e9e \u00e0 chaque besoin.&nbsp;<\/p>\n\n\n\n<p>Dans le cadre de notre d\u00e9marche commerciale, nous pouvons mettre en relation, les collectivit\u00e9s locales avec nos partenaires, qui distribuent notre solution, afin qu\u2019ils deviennent l\u2019interlocuteur commerciale de leur projet.<\/p>\n\n\n\n<p>Notre solution offre un \u00e9cosyst\u00e8me complet comprenant une passerelle domotique multi protocoles ainsi qu\u2019un ensemble de produits connect\u00e9s pour r\u00e9pondre \u00e0 diff\u00e9rents besoins :<\/p>\n\n\n\n<p>&#8211; Gestion de l\u2019\u00e9nergie : module de comptage d\u2019\u00e9nergie, vannes thermostatiques connect\u00e9es, \u00abenergy harvesting\u00bb, fil pilote, thermostats connect\u00e9s, etc.<\/p>\n\n\n\n<p>&#8211; Qualit\u00e9 de l\u2019air : capteur CO2 &#8211; COV, capteur de temp\u00e9rature et d\u2019humidit\u00e9, etc.<\/p>\n\n\n\n<p>&#8211; Gestion de l\u2019\u00e9clairage et luminosit\u00e9 : micromodule \u00e9clairage, micromodule volet roulant, interrupteurs connect\u00e9s, etc.<\/p>\n\n\n\n<p>&#8211; Gestion de la s\u00e9curit\u00e9 : d\u00e9tecteur de fum\u00e9e connect\u00e9, d\u00e9tecteur d\u2019inondation connect\u00e9, capteur d\u2019intrusion, syst\u00e8me d\u2019alarme, etc.<\/p>\n\n\n\n<p>Notre solution est totalement s\u00e9curis\u00e9e. L\u2019ensemble des donn\u00e9es stock\u00e9es sont prot\u00e9g\u00e9es sur des serveurs fiables et priv\u00e9s pour garantir leur s\u00e9curit\u00e9 et leur protection.<\/p>\n\n\n\n<p><\/p>\n\n\n\n<p><strong>LES \u00c9QUIPEMENTS D\u00c9PLOY\u00c9S<\/strong><\/p>\n\n\n\n<p><strong>Vanne Thermostatique<\/strong><\/p>\n\n\n\n<p><strong>Energy Harvesting<\/strong><\/p>\n\n\n\n<p><strong>R\u00e9f : MICITRV004<\/strong><\/p>\n\n\n\n<ul class=\"wp-block-list\">\n<li>Totalement Autonome gr\u00e2ce \u00e0 son thermog\u00e9n\u00e9rateur int\u00e9gr\u00e9<\/li>\n\n\n\n<li>Mise en position veille automatique en p\u00e9riode estivale<\/li>\n\n\n\n<li>Fonctionne avec un thermostat ou une solution box<\/li>\n\n\n\n<li>Compatible avec la passerelle Ubiwizz permettant de l\u2019associer \u00e0 des capteurs d\u2019ouverture et \/ ou de d\u00e9tecteurs de pr\u00e9sence pour plus d\u2019\u00e9conomies d\u2019\u00e9nergie et \u00e0 des d\u00e9tecteurs de temp\u00e9ratures pour un confort optimal.<\/li>\n\n\n\n<li>Adapt\u00e9e \u00e0 tous types de radiateurs gr\u00e2ce aux diff\u00e9rents mod\u00e8les d\u2019adaptateurs disponibles<\/li>\n<\/ul>\n\n\n\n<p>Tous les radiateurs des b\u00e2timents communaux, d\u2019enseignement, de bureaux et autres, peuvent \u00eatre \u00e9quip\u00e9s de vannes thermostatiques<\/p>\n\n\n\n<p><strong>Fil Pilote connect\u00e9<\/strong><\/p>\n\n\n\n<p><strong>R\u00e9f : UBICH009<\/strong><\/p>\n\n\n\n<ul class=\"wp-block-list\">\n<li>Pilotable en local ou \u00e0 distance en association \u00e0 une box et une application<\/li>\n\n\n\n<li>6 ordres : marche \/ arr\u00eat, Mode confort, Mode hors-gel, Mode \u00e9co, Mode confort -1, Mode confort -2<\/li>\n\n\n\n<li>Compatible avec la passerelle Ubiwizz permettant de l\u2019associer \u00e0 des capteurs d\u2019ouverture et \/ ou de d\u00e9tecteurs de pr\u00e9sence pour plus d\u2019\u00e9conomies d\u2019\u00e9nergie et \u00e0 des d\u00e9tecteurs de temp\u00e9ratures pour un confort optimal.<\/li>\n<\/ul>\n\n\n\n<p><strong>Mini Box Ubiwizz<\/strong><\/p>\n\n\n\n<p><strong>R\u00e9f : UBIBB01<\/strong><\/p>\n\n\n\n<ul class=\"wp-block-list\">\n<li>Pr\u00eate \u00e0 installer <\/li>\n\n\n\n<li>Plug &amp; Play<\/li>\n\n\n\n<li>Mono protocole<\/li>\n<\/ul>\n\n\n\n<p>Possibilit\u00e9 de mettre en place de multiples sc\u00e9narios intelligents. Les fils pilotes d\u00e9ploy\u00e9s sur les b\u00e2timents neufs ou en r\u00e9novations, \u00e9quip\u00e9s de chauffages \u00e9lectriques, permettent de g\u00e9rer les temp\u00e9ratures et les consommations d\u2019\u00e9nergie sur plusieurs zones.<\/p>\n\n\n\n<p><strong>Notre application My Ubiwizz<\/strong><\/p>\n\n\n\n<ul class=\"wp-block-list\">\n<li>Gestion \u00e0 distance du logement ou b\u00e2timent connect\u00e9<\/li>\n\n\n\n<li>Mise en place de sc\u00e9narios intelligents<\/li>\n\n\n\n<li>Suivi et mesure de consommation, d\u2019\u00e9tat, etc.<\/li>\n\n\n\n<li>Remont\u00e9e des donn\u00e9es et visibilit\u00e9 en temps r\u00e9el pour modifier \u00e0 distance vos sc\u00e9narios ou intervenir si n\u00e9cessaire<\/li>\n<\/ul>\n\n\n\n<p>Disponible sur : Google Play ou l\u2019App Store<\/p>\n\n\n\n<h3 class=\"gb-headline gb-headline-98a2da27 gb-headline-text\"><strong>NOS SAVOIR-FAIRE SUR CE PROJET<\/strong><\/h3>\n\n\n\n<ul class=\"wp-block-list\">\n<li>D\u00e9veloppement de produits et de solution connect\u00e9e<\/li>\n\n\n\n<li>Analyse du besoin client et des quantit\u00e9s de mesures n\u00e9cessaires \u00e0 installer sur les diff\u00e9rents b\u00e2timents<\/li>\n\n\n\n<li>Mise en relation aupr\u00e8s du distributeur le plus proche du client pour favoriser les circuits courts de distribution<\/li>\n\n\n\n<li>Accompagnement sur l\u2019installation (formation des installateurs)<\/li>\n<\/ul>\n\n<\/div>\n\n\n<p><em>* Pour des raisons de confidentialit\u00e9, le nom de notre client n\u2019est volontairement pas mentionn\u00e9.<\/em><\/p>\n\n<\/div>","protected":false},"excerpt":{"rendered":"<p>Villes &amp; Territoires Durables : Si\u00e8ges d\u00e9partementaux et R\u00e9gionaux, Mairies, M\u00e9diath\u00e8ques, \u00c9coles, Coll\u00e8ges, Lyc\u00e9es &amp; B\u00e2timents administratifs Notre client Notre client est une commune fran\u00e7aise situ\u00e9e en R\u00e9gion Nouvelle-Aquitaine. Elle pr\u00e9sente une superficie de pr\u00e8s de 20km\u00b2 et compte un peu plus de 14000 habitants. La demande de cette collectivit\u00e9 consistait \u00e0 trouver une solution &#8230; <a title=\"Villes et territoires durables connect\u00e9s\" class=\"read-more\" href=\"https:\/\/www.decelect.com\/en\/villes-et-territoires-durables-connectes\/\" aria-label=\"Read more about Villes et territoires durables connect\u00e9s\">Read more<\/a><\/p>","protected":false},"author":3,"featured_media":10274,"comment_status":"closed","ping_status":"open","sticky":false,"template":"","format":"standard","meta":{"_acf_changed":false,"_seopress_robots_primary_cat":"","_seopress_titles_title":"","_seopress_titles_desc":"","_seopress_robots_index":"","content-type":"","footnotes":""},"categories":[19],"tags":[],"class_list":["post-10273","post","type-post","status-publish","format-standard","has-post-thumbnail","hentry","category-etude-de-cas","generate-columns","tablet-grid-50","mobile-grid-100","grid-parent","grid-33"],"acf":[],"_links":{"self":[{"href":"https:\/\/www.decelect.com\/en\/wp-json\/wp\/v2\/posts\/10273","targetHints":{"allow":["GET"]}}],"collection":[{"href":"https:\/\/www.decelect.com\/en\/wp-json\/wp\/v2\/posts"}],"about":[{"href":"https:\/\/www.decelect.com\/en\/wp-json\/wp\/v2\/types\/post"}],"author":[{"embeddable":true,"href":"https:\/\/www.decelect.com\/en\/wp-json\/wp\/v2\/users\/3"}],"replies":[{"embeddable":true,"href":"https:\/\/www.decelect.com\/en\/wp-json\/wp\/v2\/comments?post=10273"}],"version-history":[{"count":3,"href":"https:\/\/www.decelect.com\/en\/wp-json\/wp\/v2\/posts\/10273\/revisions"}],"predecessor-version":[{"id":11436,"href":"https:\/\/www.decelect.com\/en\/wp-json\/wp\/v2\/posts\/10273\/revisions\/11436"}],"wp:featuredmedia":[{"embeddable":true,"href":"https:\/\/www.decelect.com\/en\/wp-json\/wp\/v2\/media\/10274"}],"wp:attachment":[{"href":"https:\/\/www.decelect.com\/en\/wp-json\/wp\/v2\/media?parent=10273"}],"wp:term":[{"taxonomy":"category","embeddable":true,"href":"https:\/\/www.decelect.com\/en\/wp-json\/wp\/v2\/categories?post=10273"},{"taxonomy":"post_tag","embeddable":true,"href":"https:\/\/www.decelect.com\/en\/wp-json\/wp\/v2\/tags?post=10273"}],"curies":[{"name":"wp","href":"https:\/\/api.w.org\/{rel}","templated":true}]}}